{"id":48,"date":"2012-06-28T13:49:31","date_gmt":"2012-06-28T13:49:31","guid":{"rendered":"http:\/\/www.asv-forelle.de\/?p=48"},"modified":"2012-06-28T14:45:21","modified_gmt":"2012-06-28T14:45:21","slug":"tolles-fischerfest-im-ortskern-von-kirn-sulzbach","status":"publish","type":"post","link":"https:\/\/asv-forelle.de\/?p=48","title":{"rendered":"Tolles Fischerfest im Ortskern von Kirn-Sulzbach"},"content":{"rendered":"<p>Am 24.06.2012 fand wieder das allj\u00e4hrige Fischerfest des ASV-Forelle statt. Traditionell beteiligten sich zum Auftakt des Festes eine Vielzahl von Fischerinnen und Fischer am fr\u00fchmorgendlichen Wettfischens. Die Angelsportfreunde kamen zum gr\u00f6\u00dften Teil von befreundeten Angelvereinen aus der Region um an der Vereinsstrecke an der Nahe gemeinsam an diesem Tag dem Fischereisport nachgehen zu k\u00f6nnen.<\/p>\n<p>Nach Abschluss des Wettfischens und erfolgter Siegerehrung im Vereinsheim des ASV-Forelle, \u201eAlte Schule\u201c in der Ortsmitte von Kirn-Sulzbach stand eine gem\u00fctliches Beisammensein auf dem Programm. Mit leckerem Bratfisch und ger\u00e4ucherten Forellen aus eigener Herstellung sowie Bratw\u00fcrste und Schwenkbraten war f\u00fcr jeden Geschmack was dabei. Dies zeigte sich auch an dem erfreulich starken Interesse der Kirn-Sulzbacher Ortsbev\u00f6lkerung die vom ASV-Forelle angebotenen Spezialit\u00e4ten auf den Mittagstisch zu bekommen oder bei einem k\u00fchlen Getr\u00e4nk in der Mitte der Anglergemeindschaft zu sich zu nehmen.<\/p>\n<p>Das Anglerfest ging noch bis sp\u00e4t in die Abendstunden und wurde im gem\u00fctlichen Vereinsheim ausklingen gelassen. F\u00fcr den ASV-Forelle, seine befreundeten Vereine und die Kirn-Sulzbacher Mitb\u00fcrgerinnen und Mitb\u00fcrger schloss das diesj\u00e4hrige Anglerfest in entspannter Atmosph\u00e4re und mit der Vorfreude auf das n\u00e4chste Jahr.<\/p>\n<p>Der ASV-Forelle bedankt sich bei allen G\u00e4sten und Helfern, welche dieses Fest erst m\u00f6glich gemacht haben.<\/p>\n\n\t\t<style type=\"text\/css\">\n\t\t\t#gallery-1 {\n\t\t\t\tmargin: auto;\n\t\t\t}\n\t\t\t#gallery-1 .gallery-item {\n\t\t\t\tfloat: left;\n\t\t\t\tmargin-top: 10px;\n\t\t\t\ttext-align: center;\n\t\t\t\twidth: 25%;\n\t\t\t}\n\t\t\t#gallery-1 img {\n\t\t\t\tborder: 2px solid #cfcfcf;\n\t\t\t}\n\t\t\t#gallery-1 .gallery-caption {\n\t\t\t\tmargin-left: 0;\n\t\t\t}\n\t\t\t\/* see gallery_shortcode() in wp-includes\/media.php *\/\n\t\t<\/style>\n\t\t<div id='gallery-1' class='gallery galleryid-48 gallery-columns-4 gallery-size-thumbnail'><dl class='gallery-item'>\n\t\t\t<dt class='gallery-icon landscape'>\n\t\t\t\t<a href='https:\/\/asv-forelle.de\/?attachment_id=54'><img loading=\"lazy\" decoding=\"async\" width=\"150\" height=\"150\" src=\"https:\/\/asv-forelle.de\/wp-content\/uploads\/2012\/06\/Bill-beim-Backen2-150x150.jpg\" class=\"attachment-thumbnail size-thumbnail\" alt=\"\" aria-describedby=\"gallery-1-54\" \/><\/a>\n\t\t\t<\/dt>\n\t\t\t\t<dd class='wp-caption-text gallery-caption' id='gallery-1-54'>\n\t\t\t\tBill beim Backen\n\t\t\t\t<\/dd><\/dl><dl class='gallery-item'>\n\t\t\t<dt class='gallery-icon landscape'>\n\t\t\t\t<a href='https:\/\/asv-forelle.de\/?attachment_id=55'><img loading=\"lazy\" decoding=\"async\" width=\"150\" height=\"150\" src=\"https:\/\/asv-forelle.de\/wp-content\/uploads\/2012\/06\/Ga\u0308ste-beim-Essen-150x150.jpg\" class=\"attachment-thumbnail size-thumbnail\" alt=\"\" aria-describedby=\"gallery-1-55\" \/><\/a>\n\t\t\t<\/dt>\n\t\t\t\t<dd class='wp-caption-text gallery-caption' id='gallery-1-55'>\n\t\t\t\tGa\u0308ste beim Essen\n\t\t\t\t<\/dd><\/dl><dl class='gallery-item'>\n\t\t\t<dt class='gallery-icon portrait'>\n\t\t\t\t<a href='https:\/\/asv-forelle.de\/?attachment_id=56'><img loading=\"lazy\" decoding=\"async\" width=\"150\" height=\"150\" src=\"https:\/\/asv-forelle.de\/wp-content\/uploads\/2012\/06\/Ra\u0308ucherforelle-150x150.jpg\" class=\"attachment-thumbnail size-thumbnail\" alt=\"\" aria-describedby=\"gallery-1-56\" \/><\/a>\n\t\t\t<\/dt>\n\t\t\t\t<dd class='wp-caption-text gallery-caption' id='gallery-1-56'>\n\t\t\t\tHausgemachte Ra\u0308ucherforellen\n\t\t\t\t<\/dd><\/dl><dl class='gallery-item'>\n\t\t\t<dt class='gallery-icon landscape'>\n\t\t\t\t<a href='https:\/\/asv-forelle.de\/?attachment_id=57'><img loading=\"lazy\" decoding=\"async\" width=\"150\" height=\"150\" src=\"https:\/\/asv-forelle.de\/wp-content\/uploads\/2012\/06\/Vereinsheim-150x150.jpg\" class=\"attachment-thumbnail size-thumbnail\" alt=\"\" aria-describedby=\"gallery-1-57\" \/><\/a>\n\t\t\t<\/dt>\n\t\t\t\t<dd class='wp-caption-text gallery-caption' id='gallery-1-57'>\n\t\t\t\tGrillen am Vereinsheim des ASV-Forelle\n\t\t\t\t<\/dd><\/dl><br style=\"clear: both\" \/>\n\t\t<\/div>\n\n<p>&nbsp;<\/p>\n","protected":false},"excerpt":{"rendered":"<p>Am 24.06.2012 fand wieder das allj\u00e4hrige Fischerfest des ASV-Forelle statt. Traditionell beteiligten sich zum Auftakt des Festes eine Vielzahl von Fischerinnen und Fischer am fr\u00fchmorgendlichen Wettfischens. Die Angelsportfreunde kamen zum gr\u00f6\u00dften Teil von befreundeten Angelvereinen aus der Region um an &hellip; <a href=\"https:\/\/asv-forelle.de\/?p=48\">Weiterlesen <span class=\"meta-nav\">&rarr;<\/span><\/a><\/p>\n","protected":false},"author":1,"featured_media":0,"comment_status":"closed","ping_status":"open","sticky":false,"template":"","format":"standard","meta":{"footnotes":""},"categories":[1],"tags":[],"class_list":["post-48","post","type-post","status-publish","format-standard","hentry","category-allgemein"],"_links":{"self":[{"href":"https:\/\/asv-forelle.de\/index.php?rest_route=\/wp\/v2\/posts\/48","targetHints":{"allow":["GET"]}}],"collection":[{"href":"https:\/\/asv-forelle.de\/index.php?rest_route=\/wp\/v2\/posts"}],"about":[{"href":"https:\/\/asv-forelle.de\/index.php?rest_route=\/wp\/v2\/types\/post"}],"author":[{"embeddable":true,"href":"https:\/\/asv-forelle.de\/index.php?rest_route=\/wp\/v2\/users\/1"}],"replies":[{"embeddable":true,"href":"https:\/\/asv-forelle.de\/index.php?rest_route=%2Fwp%2Fv2%2Fcomments&post=48"}],"version-history":[{"count":0,"href":"https:\/\/asv-forelle.de\/index.php?rest_route=\/wp\/v2\/posts\/48\/revisions"}],"wp:attachment":[{"href":"https:\/\/asv-forelle.de\/index.php?rest_route=%2Fwp%2Fv2%2Fmedia&parent=48"}],"wp:term":[{"taxonomy":"category","embeddable":true,"href":"https:\/\/asv-forelle.de\/index.php?rest_route=%2Fwp%2Fv2%2Fcategories&post=48"},{"taxonomy":"post_tag","embeddable":true,"href":"https:\/\/asv-forelle.de\/index.php?rest_route=%2Fwp%2Fv2%2Ftags&post=48"}],"curies":[{"name":"wp","href":"https:\/\/api.w.org\/{rel}","templated":true}]}}